{"id":4901,"date":"2018-09-25T07:46:25","date_gmt":"2018-09-25T05:46:25","guid":{"rendered":"http:\/\/geo-education.ch\/?p=4901"},"modified":"2020-04-08T05:31:10","modified_gmt":"2020-04-08T03:31:10","slug":"bundesbeitraege-zur-vorbereitung-eidg-fachausweis","status":"publish","type":"post","link":"https:\/\/geo-education.ch\/?p=4901","title":{"rendered":"Bundesbeitr\u00e4ge zur Vorbereitung eidg. Fachausweis"},"content":{"rendered":"<p>Der Bundesrat hat am 15.09.2017 die \u00c4nderung der Berufsbildungsverordnung (BBV) und die entsprechende Inkraftsetzung ab Januar 2018 beschlossen. Absolvierende von Modulen ab 2017, die sich auf die eidgen\u00f6ssische Fachausweispr\u00fcfung vorbereiten, werden vom Bund direkt finanziell unterst\u00fctzt.<br \/>\nDer Antrag zur Auszahlung wird nach der Abschlusspr\u00fcfung beim Bund (SBFI) eingereicht. In Ausnahmef\u00e4llen (Bundessteuer &lt; CHF 88.-) kann die Auszahlung schon w\u00e4hrend der Ausbildung beantragt werden.<\/p>\n<p>Zum Antrag m\u00fcssen alle Modulrechnungen, Zahlungsbest\u00e4tigungen (Bankausz\u00fcge) und die Pr\u00fcfungsverf\u00fcgung beigelegt werden. Es gilt daher unbedingt diese Unterlagen zu sammeln.<\/p>\n<p>Nachtr\u00e4gliche Zahlungsbest\u00e4tigungen von Modulen, ziehen einen administrativen Aufwand nach sich, den wir den Antragsstellenden weiterverrechnen m\u00fcssen.<\/p>\n<p><a href=\"https:\/\/www.sbfi.admin.ch\/sbfi\/de\/home\/bildung\/hbb\/finanzierung.html\">Erkl\u00e4rungen zum genauen Ablauf<\/a><\/p>\n<div class=\"post-video\"><iframe loading=\"lazy\" width=\"1165\" height=\"655\" src=\"https:\/\/www.youtube.com\/embed\/1fpmnyylezg?t=2s&#038;wmode=transparent&#038;fs=1\"  allow=\"autoplay; encrypted-media\" allowfullscreen><\/iframe><\/div>\n<p>&nbsp;<\/p>\n<div id=\"themify_builder_content-4901\" data-postid=\"4901\" class=\"themify_builder_content themify_builder_content-4901 themify_builder\">\n    <\/div>\n<!-- \/themify_builder_content -->\n","protected":false},"excerpt":{"rendered":"<p>Der Bundesrat hat am 15.09.2017 die \u00c4nderung der Berufsbildungsverordnung (BBV) und die entsprechende Inkraftsetzung ab Januar 2018 beschlossen. Absolvierende von Modulen ab 2017, die sich auf die eidgen\u00f6ssische Fachausweispr\u00fcfung vorbereiten, [&hellip;]<\/p>\n","protected":false},"author":2,"featured_media":0,"comment_status":"open","ping_status":"open","sticky":false,"template":"","format":"standard","meta":{"_price":"","_stock":"","_tribe_ticket_header":"","_tribe_default_ticket_provider":"","_tribe_ticket_capacity":"0","_ticket_start_date":"","_ticket_end_date":"","_tribe_ticket_show_description":"","_tribe_ticket_show_not_going":false,"_tribe_ticket_use_global_stock":"","_tribe_ticket_global_stock_level":"","_global_stock_mode":"","_global_stock_cap":"","_tribe_rsvp_for_event":"","_tribe_ticket_going_count":"","_tribe_ticket_not_going_count":"","_tribe_tickets_list":"[]","_tribe_ticket_has_attendee_info_fields":false,"footnotes":""},"categories":[62],"tags":[],"table_tags":[],"class_list":["post-4901","post","type-post","status-publish","format-standard","hentry","category-news-de","has-post-title","has-post-date","has-post-category","has-post-tag","has-post-comment","has-post-author",""],"_links":{"self":[{"href":"https:\/\/geo-education.ch\/index.php?rest_route=\/wp\/v2\/posts\/4901","targetHints":{"allow":["GET"]}}],"collection":[{"href":"https:\/\/geo-education.ch\/index.php?rest_route=\/wp\/v2\/posts"}],"about":[{"href":"https:\/\/geo-education.ch\/index.php?rest_route=\/wp\/v2\/types\/post"}],"author":[{"embeddable":true,"href":"https:\/\/geo-education.ch\/index.php?rest_route=\/wp\/v2\/users\/2"}],"replies":[{"embeddable":true,"href":"https:\/\/geo-education.ch\/index.php?rest_route=%2Fwp%2Fv2%2Fcomments&post=4901"}],"version-history":[{"count":5,"href":"https:\/\/geo-education.ch\/index.php?rest_route=\/wp\/v2\/posts\/4901\/revisions"}],"predecessor-version":[{"id":4909,"href":"https:\/\/geo-education.ch\/index.php?rest_route=\/wp\/v2\/posts\/4901\/revisions\/4909"}],"wp:attachment":[{"href":"https:\/\/geo-education.ch\/index.php?rest_route=%2Fwp%2Fv2%2Fmedia&parent=4901"}],"wp:term":[{"taxonomy":"category","embeddable":true,"href":"https:\/\/geo-education.ch\/index.php?rest_route=%2Fwp%2Fv2%2Fcategories&post=4901"},{"taxonomy":"post_tag","embeddable":true,"href":"https:\/\/geo-education.ch\/index.php?rest_route=%2Fwp%2Fv2%2Ftags&post=4901"},{"taxonomy":"table_tags","embeddable":true,"href":"https:\/\/geo-education.ch\/index.php?rest_route=%2Fwp%2Fv2%2Ftable_tags&post=4901"}],"curies":[{"name":"wp","href":"https:\/\/api.w.org\/{rel}","templated":true}]}}