{"id":6512,"date":"2018-10-11T23:17:50","date_gmt":"2018-10-11T21:17:50","guid":{"rendered":"https:\/\/geo-education.ch\/?p=6512"},"modified":"2020-04-08T03:39:51","modified_gmt":"2020-04-08T01:39:51","slug":"6512","status":"publish","type":"post","link":"https:\/\/geo-education.ch\/?p=6512&lang=fr","title":{"rendered":"S\u00e9ance d&#8217;information CF-geo du 11 octobre 2018 \u00e0 Yverdon-les-Bains"},"content":{"rendered":"<div id=\"themify_builder_content-6512\" data-postid=\"6512\" class=\"themify_builder_content themify_builder_content-6512 themify_builder\">\n    \t<!-- module_row -->\n\t<div  class=\"themify_builder_row module_row clearfix module_row_0 themify_builder_6512_row module_row_6512-0 tb_51b2393\">\n\t    \t    <div class=\"row_inner col_align_top\" >\n\t\t\t<div  class=\"module_column tb-column col-full first tb_6512_column module_column_0 module_column_6512-0-0 tb_bec16b3\">\n\t    \t    \t        <div class=\"tb-column-inner\">\n\t\t        <div class=\"tb_slider_loader\"><\/div>\n    <div  class=\"module clearfix themify_builder_slider_wrap module-testimonial-slider tb_ca14b37  image-bubble   \">\n\t                <ul class=\"themify_builder_slider\"\n\t    data-id=\"tb_ca14b37\"\n            data-visible=\"1\"\n            data-tab-visible=\"\"\n            data-mob-visible=\"0\"\n            data-scroll=\"1\"\n            data-auto-scroll=\"off\"\n            data-speed=\"1\"\n            data-wrap=\"yes\"\n            data-arrow=\"yes\"\n            data-pagination=\"yes\"\n            data-effect=\"scroll\" \n            data-height=\"variable\"\n            data-pause-on-hover=\"resume\"\n            data-play-controller=\"no\"\n            data-horizontal=\"\"\n            >\n                        <li class=\"post\">\n            <div class=\"testimonial-item\" >\n                \t\n\n                \n                <div class=\"testimonial-content\">\n                                            <h3 class=\"testimonial-title\">Pr\u00e9sentation PowerPoint<\/h3>\n                                        \t\t\t\t\t\t<div class=\"testimonial-entry-content\">\n \t\t\t\t\t\t\t<p>Les diff\u00e9rents intervenants ont fourni lors de cette soir\u00e9e de nombreuses et riches informations concernant les perspectives de formation continue chez CF-geo. <a href=\"https:\/\/drive.google.com\/file\/d\/1kH45Jrsu6ZydLNkpC5c_ma_Nftt1KLv0\/view?usp=sharing\" target=\"_blank\" rel=\"noopener\">Pr\u00e9sentation \u00e0 t\u00e9l\u00e9charger ici<\/a><\/p>\t\t\t\t\t\t<\/div>\n                                        \n                                            <div class=\"testimonial-author\">\n                            <div class=\"person-name\">Nicolas Ciana<\/div>\n\t\t\t    \t\t\t\t<span class=\"person-position\">Responsable de la formation en Suisse romande<\/span>\n\t\t\t    \t\t\t    \t\t\t\t<div class=\"person-company\">\n\t\t\t\t    \t\t\t\t\tCentre de Formation g\u00e9omatique suisse\t\t\t\t    \t\t\t\t<\/div>\n\t\t\t                            <\/div>\n                                    <\/div>\n                <!-- \/testimonial-content -->\n            <\/div>\n        <\/li>\n            <\/ul>\n    <\/div>\n        \n    <!-- module video -->\n    <div  class=\"module module-video tb_ae70797 video-top   video-autoplay\">\n\t                <div class=\"video-wrap\">\n\t    <iframe loading=\"lazy\" title=\"Formation de g\u00e9omaticien g\u00e9omaticienne\" width=\"1165\" height=\"655\" src=\"https:\/\/www.youtube.com\/embed\/5wvbXZTT8JM?feature=youtu.be&autoplay=1\"  allow=\"accelerometer; autoplay; clipboard-write; encrypted-media; gyroscope; picture-in-picture; web-share\" referrerpolicy=\"strict-origin-when-cross-origin\" allowfullscreen><\/iframe>        <\/div>\n        <!-- \/video-wrap -->\n\n                    <div class=\"video-content\">\n                                    <h3 class=\"video-title\">\n                                                Voici la toute nouvelle vid\u00e9o sur la formation de g\u00e9omaticien-ne en\ud83c\udde8\ud83c\uddedpr\u00e9sent\u00e9e en avant-premi\u00e8re lors de cette soir\u00e9e                                            <\/h3>\n                \n                            <\/div>\n            <!-- \/video-content -->\n            <\/div>\n    <!-- \/module video -->\n    \t        <\/div>\n\t    \t<\/div>\n\t\t    <\/div>\n\t    <!-- \/row_inner -->\n\t<\/div>\n\t<!-- \/module_row -->\n\t<\/div>\n\n\n","protected":false},"excerpt":{"rendered":"<p>Pr\u00e9sentation PowerPoint Les diff\u00e9rents intervenants ont fourni lors de cette soir\u00e9e de nombreuses et riches informations concernant les perspectives de formation continue chez CF-geo. Pr\u00e9sentation \u00e0 t\u00e9l\u00e9charger ici Nicolas Ciana [&hellip;]<\/p>\n","protected":false},"author":2,"featured_media":6552,"comment_status":"open","ping_status":"open","sticky":false,"template":"","format":"standard","meta":{"_price":"","_stock":"","_tribe_ticket_header":"","_tribe_default_ticket_provider":"","_tribe_ticket_capacity":"0","_ticket_start_date":"","_ticket_end_date":"","_tribe_ticket_show_description":"","_tribe_ticket_show_not_going":false,"_tribe_ticket_use_global_stock":"","_tribe_ticket_global_stock_level":"","_global_stock_mode":"","_global_stock_cap":"","_tribe_rsvp_for_event":"","_tribe_ticket_going_count":"","_tribe_ticket_not_going_count":"","_tribe_tickets_list":"[]","_tribe_ticket_has_attendee_info_fields":false,"footnotes":""},"categories":[57],"tags":[],"table_tags":[],"class_list":["post-6512","post","type-post","status-publish","format-standard","has-post-thumbnail","hentry","category-news","has-post-title","has-post-date","has-post-category","has-post-tag","has-post-comment","has-post-author",""],"_links":{"self":[{"href":"https:\/\/geo-education.ch\/index.php?rest_route=\/wp\/v2\/posts\/6512","targetHints":{"allow":["GET"]}}],"collection":[{"href":"https:\/\/geo-education.ch\/index.php?rest_route=\/wp\/v2\/posts"}],"about":[{"href":"https:\/\/geo-education.ch\/index.php?rest_route=\/wp\/v2\/types\/post"}],"author":[{"embeddable":true,"href":"https:\/\/geo-education.ch\/index.php?rest_route=\/wp\/v2\/users\/2"}],"replies":[{"embeddable":true,"href":"https:\/\/geo-education.ch\/index.php?rest_route=%2Fwp%2Fv2%2Fcomments&post=6512"}],"version-history":[{"count":26,"href":"https:\/\/geo-education.ch\/index.php?rest_route=\/wp\/v2\/posts\/6512\/revisions"}],"predecessor-version":[{"id":6556,"href":"https:\/\/geo-education.ch\/index.php?rest_route=\/wp\/v2\/posts\/6512\/revisions\/6556"}],"wp:featuredmedia":[{"embeddable":true,"href":"https:\/\/geo-education.ch\/index.php?rest_route=\/wp\/v2\/media\/6552"}],"wp:attachment":[{"href":"https:\/\/geo-education.ch\/index.php?rest_route=%2Fwp%2Fv2%2Fmedia&parent=6512"}],"wp:term":[{"taxonomy":"category","embeddable":true,"href":"https:\/\/geo-education.ch\/index.php?rest_route=%2Fwp%2Fv2%2Fcategories&post=6512"},{"taxonomy":"post_tag","embeddable":true,"href":"https:\/\/geo-education.ch\/index.php?rest_route=%2Fwp%2Fv2%2Ftags&post=6512"},{"taxonomy":"table_tags","embeddable":true,"href":"https:\/\/geo-education.ch\/index.php?rest_route=%2Fwp%2Fv2%2Ftable_tags&post=6512"}],"curies":[{"name":"wp","href":"https:\/\/api.w.org\/{rel}","templated":true}]}}